{"id":13120,"date":"2025-07-31T09:43:38","date_gmt":"2025-07-31T07:43:38","guid":{"rendered":"https:\/\/lfs.cz\/?p=13120"},"modified":"2025-07-31T09:43:39","modified_gmt":"2025-07-31T07:43:39","slug":"letni-filmovou-skolu-zakoncila-festivalova-predpremiera-filmu-pod-parou","status":"publish","type":"post","link":"https:\/\/lfs.cz\/en\/letni-filmovou-skolu-zakoncila-festivalova-predpremiera-filmu-pod-parou\/","title":{"rendered":"Letn\u00ed filmovou \u0161kolu zakon\u010dila festivalov\u00e1 p\u0159edpremi\u00e9ra filmu Pod parou"},"content":{"rendered":"","protected":false},"excerpt":{"rendered":"","protected":false},"author":4,"featured_media":13143,"comment_status":"closed","ping_status":"closed","sticky":false,"template":"","format":"standard","meta":{"_seopress_robots_primary_cat":"none","_seopress_titles_title":"","_seopress_titles_desc":"","_seopress_robots_index":"","footnotes":""},"categories":[1],"tags":[],"class_list":["post-13120","post","type-post","status-publish","format-standard","has-post-thumbnail","hentry","category-nezarazene"],"_links":{"self":[{"href":"https:\/\/lfs.cz\/en\/wp-json\/wp\/v2\/posts\/13120","targetHints":{"allow":["GET"]}}],"collection":[{"href":"https:\/\/lfs.cz\/en\/wp-json\/wp\/v2\/posts"}],"about":[{"href":"https:\/\/lfs.cz\/en\/wp-json\/wp\/v2\/types\/post"}],"author":[{"embeddable":true,"href":"https:\/\/lfs.cz\/en\/wp-json\/wp\/v2\/users\/4"}],"replies":[{"embeddable":true,"href":"https:\/\/lfs.cz\/en\/wp-json\/wp\/v2\/comments?post=13120"}],"version-history":[{"count":1,"href":"https:\/\/lfs.cz\/en\/wp-json\/wp\/v2\/posts\/13120\/revisions"}],"predecessor-version":[{"id":13144,"href":"https:\/\/lfs.cz\/en\/wp-json\/wp\/v2\/posts\/13120\/revisions\/13144"}],"wp:featuredmedia":[{"embeddable":true,"href":"https:\/\/lfs.cz\/en\/wp-json\/wp\/v2\/media\/13143"}],"wp:attachment":[{"href":"https:\/\/lfs.cz\/en\/wp-json\/wp\/v2\/media?parent=13120"}],"wp:term":[{"taxonomy":"category","embeddable":true,"href":"https:\/\/lfs.cz\/en\/wp-json\/wp\/v2\/categories?post=13120"},{"taxonomy":"post_tag","embeddable":true,"href":"https:\/\/lfs.cz\/en\/wp-json\/wp\/v2\/tags?post=13120"}],"curies":[{"name":"wp","href":"https:\/\/api.w.org\/{rel}","templated":true}]}}